{"headers": {"id": "ID", "periodo": "Per\u00edodo", "titulo": "Mat\u00e9ria", "autor": "Autor", "ementa": "Ementa", "situacao": "Situa\u00e7\u00e3o"}, "results": [{"id": 163, "periodo": "ordem dia", "titulo": "Ata n\u00ba 542 de 2025", "autor": "", "ementa": "ATA DA SESS\u00c3O 541", "situacao": "Aguardando a inclus\u00e3o na ordem do dia"}, {"id": 162, "periodo": "ordem dia", "titulo": "PARECER EXECUTIVO n\u00ba 16 de 2025", "autor": "", "ementa": "PARECER 16/2025", "situacao": "Aguardando a inclus\u00e3o na ordem do dia"}, {"id": 161, "periodo": "ordem dia", "titulo": "Projeto de Lei Ordin\u00e1ria do Executivo n\u00ba 16 de 2025", "autor": "Prefeito - Prefeito", "ementa": "EMENTA: REVOGA A LEI MUNICIPAL N.\u00b0\r\n687/2021 E INSTITUI A NOVA\r\nMETODOLOGIA DE COFINANCIAMENTO\r\nFEDERAL DO PISO DE ATEN\u00c7\u00c3O\r\nPRIM\u00c1RIA \u00c1 SA\u00daDE NO \u00c2MBITO DO\r\nSISTEMA \u00daNICO DE SA\u00daDE (SUS), EM\r\nCONFORMIDADE COM A PORTARIA\r\nGM/MS N\u00b0 3493 DE 10 DE ABRIL DE 2024\r\nDENOMINADO COMPONENTE DE\r\nV\u00cdNCULO E QUALIDADE NA ATEN\u00c7\u00c3O PRIM\u00c1RIA \u00c1 SA\u00daDE-APS PARA AS\r\nEQUIPES DE SA\u00daDE BUCAL (eSB),\r\nEQUIPES DE SA\u00daDE DA FAM\u00cdLIA (eSF) e\r\nEQUIPES MULTIPROFISSIONAL\r\n(eMULT), E DA OUTRAS PROVID\u00caNCIAS.", "situacao": "Aguardando a inclus\u00e3o na ordem do dia"}]}