{"id":175,"__str__":"PARECER EXECUTIVO n\u00ba 19 de 2025","link_detail_backend":"/materia/175","metadata":{},"numero":19,"ano":2025,"numero_protocolo":null,"data_apresentacao":"2025-12-23","tipo_apresentacao":"","data_publicacao":null,"numero_origem_externa":"","ano_origem_externa":null,"data_origem_externa":null,"apelido":"","dias_prazo":null,"data_fim_prazo":null,"em_tramitacao":true,"polemica":false,"objeto":"","complementar":false,"ementa":"PARECER UNIFICADO DA COMISS\u00c3O DE LEGISLA\u00c7\u00c3O, JUSTI\u00c7A\r\nE REDA\u00c7\u00c3O E DA COMISS\u00c3O DE OR\u00c7AMENTO, FINAN\u00c7AS E\r\nTOMADAS DE CONTAS\r\nPROJETO DE LEI N\u00b0 19/2025\r\nDISP\u00d5E SOBRE O ABONO SALARIAL DE\r\nVALORIZA\u00c7\u00c3O DOS PROFISSIONAIS DA\r\nEDUCA\u00c7\u00c3O B\u00c1SICA PARA FINS DO\r\nCUMPRIMENTO DO M\u00cdNIMO LEGAL DE 70%\r\n(SETENTA POR CENTO) DE UTILIZA\u00c7\u00c3O\r\nDOS RECURSOS DO FUNDO DE\r\nMANUTEN\u00c7\u00c3O E DESENVOLVIMENTO DA\r\nEDUCA\u00c7\u00c3O B\u00c1SICA E DE VALORIZA\u00c7\u00c3O\r\nDOS PROFISSIONAIS DA EDUCA\u00c7\u00c3O\r\n(FUNDEB), NOS TERMOS DA LEI FEDERAL\r\nN\u00ba. 14.113, DE 25 DE DEZEMBRO DE 2020, E\r\nD\u00c1 OUTRAS PROVID\u00caNCIAS.","indexacao":"","observacao":"","resultado":"","texto_original":null,"data_ultima_atualizacao":"2025-12-23T10:03:16.096157-03:00","ip":"177.66.98.42","ultima_edicao":"2025-12-23T10:02:47.364577-03:00","tipo":14,"regime_tramitacao":1,"tipo_origem_externa":null,"local_origem_externa":null,"user":12,"anexadas":[],"autores":[]}