{"id":167,"__str__":"PARECER EXECUTIVO n\u00ba 13 de 2025","link_detail_backend":"/materia/167","metadata":{},"numero":13,"ano":2025,"numero_protocolo":null,"data_apresentacao":"2025-11-27","tipo_apresentacao":"","data_publicacao":null,"numero_origem_externa":"","ano_origem_externa":null,"data_origem_externa":null,"apelido":"","dias_prazo":null,"data_fim_prazo":null,"em_tramitacao":true,"polemica":false,"objeto":"","complementar":false,"ementa":"PARECER DO PROJETO DE LEI 13-2025 PARECER UNIFICADO DA COMISS\u00c3O DE LEGISLA\u00c7\u00c3O, JUSTI\u00c7A E REDA\u00c7\u00c3O E DA COMISS\u00c3O DE OR\u00c7AMENTO, FINAN\u00c7AS E TOMADAS DE CONTAS DISP\u00d5E SOBRE O PLANO PLURIANUAL PARA O QUADIR\u00caNIO 2026-2029 E PROVID\u00caNCIAS.","indexacao":"","observacao":"","resultado":"","texto_original":null,"data_ultima_atualizacao":"2025-11-27T22:55:23.521708-03:00","ip":"177.66.98.127","ultima_edicao":"2025-11-27T22:55:23.463796-03:00","tipo":14,"regime_tramitacao":1,"tipo_origem_externa":null,"local_origem_externa":null,"user":12,"anexadas":[],"autores":[]}