{"id":150,"__str__":"Parecer n\u00ba 19 de 2025","link_detail_backend":"/materia/150","metadata":{},"numero":19,"ano":2025,"numero_protocolo":null,"data_apresentacao":"2025-09-26","tipo_apresentacao":"","data_publicacao":null,"numero_origem_externa":"","ano_origem_externa":null,"data_origem_externa":null,"apelido":"","dias_prazo":null,"data_fim_prazo":null,"em_tramitacao":true,"polemica":false,"objeto":"","complementar":false,"ementa":"PARECER DA COMISS\u00c3O DE LEGISLA\u00c7\u00c3O, JUSTICA E REDA\u00c7\u00c3O\r\nDISP\u00d5E SOBRE CONCESS\u00c3O DE LICEN\u00c7A \u00c0 VEREADOR.","indexacao":"","observacao":"","resultado":"","texto_original":null,"data_ultima_atualizacao":"2025-09-26T10:54:41.467771-03:00","ip":"168.90.183.149","ultima_edicao":"2025-09-26T10:53:19.588265-03:00","tipo":13,"regime_tramitacao":1,"tipo_origem_externa":null,"local_origem_externa":null,"user":12,"anexadas":[],"autores":[]}